{"id":1776,"date":"2022-04-26T07:00:00","date_gmt":"2022-04-26T05:00:00","guid":{"rendered":"https:\/\/uniwater.se\/?p=1776"},"modified":"2026-02-02T13:30:25","modified_gmt":"2026-02-02T12:30:25","slug":"uniwater-starker-organisationen-for-fortsatt-tillvaxt-anstaller-johan-wallen-som-forvarvs-och-strategiansvarig","status":"publish","type":"post","link":"https:\/\/uniwater.com\/sv\/2022\/04\/26\/uniwater-starker-organisationen-for-fortsatt-tillvaxt-anstaller-johan-wallen-som-forvarvs-och-strategiansvarig\/","title":{"rendered":"Uniwater st\u00e4rker organisationen f\u00f6r fortsatt tillv\u00e4xt \u2013 anst\u00e4ller Johan Wall\u00e9n som f\u00f6rv\u00e4rvs- och strategiansvarig"},"content":{"rendered":"\n<p>Uniwater st\u00e4rker organisationen f\u00f6r fortsatt tillv\u00e4xt<br>\u2013 anst\u00e4ller Johan Wall\u00e9n som f\u00f6rv\u00e4rvs- och strategiansvarig<\/p>\n\n\n\n<p>I sin nya roll ansvarar Johan f\u00f6r framtida f\u00f6rv\u00e4rv inom Uniwaters samtliga aff\u00e4rsomr\u00e5den samt \u00e4ven f\u00f6r genomf\u00f6rande och l\u00f6pande uppf\u00f6ljning av Uniwaters strategi. Johan Wall\u00e9n kommer senast fr\u00e5n en liknande roll inom M\u00f6lnlycke Health Care och ansl\u00f6t till Uniwater under mars.<\/p>\n\n\n\n<p>\u2013 <a>Med Johan f\u00e5r vi en fokuserad roll i koncernen f\u00f6r v\u00e5rt f\u00f6rv\u00e4rvs- och strategiarbete<\/a>. Det beh\u00f6ver vi f\u00f6r att kunna f\u00f6rverkliga de expansionsplaner som vi har satt upp i Norden. Johan har en bakgrund fr\u00e5n den globala arenan och det passar oss utm\u00e4rkt. Samtidigt s\u00e5g vi tidigt att han \u00e4r en person som passar i v\u00e5rt team och det \u00e4r v\u00e4ldigt viktigt f\u00f6r oss. Vi ser expansionsm\u00f6jligheter i samtliga aff\u00e4rsomr\u00e5den under de n\u00e4rmaste \u00e5ren och arbetar kontinuerligt f\u00f6r att bredda v\u00e5rt kunderbjudande genom olika initiativ, s\u00e4ger Fredrik Jonsson, koncern-vd Uniwater.<\/p>\n\n\n\n<p>Johan attraheras b\u00e5de av uppgifterna i den nya rollen som ansvarig f\u00f6r f\u00f6rv\u00e4rv och strategi och den resa som Uniwater nu genomf\u00f6r.<\/p>\n\n\n\n<p>\u2013 Det h\u00e4r ska bli riktigt roligt. Branschen st\u00e5r inf\u00f6r utmaningar p\u00e5 b\u00e5de l\u00e5ng och kort sikt, men jag ser ocks\u00e5 en stor framtida potential. Vi har en stark position och vi vill utveckla v\u00e5ra specialister genom att samverka inom koncernen och d\u00e4rigenom leverera l\u00f6sningar av h\u00f6g kvalitet till v\u00e5ra kunder. Jag kommer att arbeta n\u00e4ra bolagen vi f\u00f6rv\u00e4rvar, n\u00e5got jag ser mycket fram emot. Det finns en stark entrepren\u00f6rsanda i branschen som \u00e4r viktig att v\u00e4rna om. Kan vi bevara den hos v\u00e5ra f\u00f6rv\u00e4rvade bolag och utveckla verksamheterna tillsammans har vi alla m\u00f6jligheter att leverera utifr\u00e5n v\u00e5r strategi, s\u00e4ger Johan Wall\u00e9n, ny f\u00f6rv\u00e4rvs- och strategiansvarig p\u00e5 Uniwater.<\/p>\n\n\n\n<p>Tidigare i \u00e5r f\u00f6rv\u00e4rvade Uniwater <a href=\"https:\/\/www.abat.se\/\">ABAT AB<\/a> som tillverkar specialprodukter f\u00f6r bygg- och VA-industrin, fr\u00e4mst olika typer av luckor i aluminium och rostfritt. Fler dialoger \u00e4r p\u00e5g\u00e5ende med intressanta bolag.<\/p>\n\n\n\n<p>\u2013 Vi vill skapa en ledande akt\u00f6r med VA-specialister i Norden d\u00e4r vi tillsammans kan ge varandra fler och b\u00e4ttre aff\u00e4rer. Genom att bli en del av Uniwater f\u00e5r bolagen vi f\u00f6rv\u00e4rvar tillg\u00e5ng till ett brett n\u00e4tverk och support med allt fr\u00e5n ink\u00f6p till ekonomi, s\u00e5 att entrepren\u00f6rerna kan fokusera p\u00e5 det som de g\u00f6r b\u00e4st, att utveckla aff\u00e4ren. F\u00f6r Uniwater \u00e4r det viktigt att f\u00f6rv\u00e4rven k\u00e4nns r\u00e4tt, d\u00e4rf\u00f6r l\u00e4gger vi mycket tid p\u00e5 att l\u00e4ra k\u00e4nna bolagen. I den processen tror jag att Johan kommer g\u00f6ra ett mycket bra arbete, s\u00e4ger Fredrik Jonsson.<\/p>\n","protected":false},"excerpt":{"rendered":"<p>Uniwater, en av Nordens ledande koncerner med specialister inom VA-tekniska l\u00f6sningar, \u00f6kar fokus p\u00e5 fortsatt tillv\u00e4xt och anst\u00e4ller Johan Wall\u00e9n som ny f\u00f6rv\u00e4rvs- och strategiansvarig.<\/p>\n","protected":false},"author":4,"featured_media":1777,"comment_status":"closed","ping_status":"open","sticky":false,"template":"","format":"standard","meta":{"_acf_changed":false,"_et_pb_use_builder":"","_et_pb_old_content":"","_et_gb_content_width":"","footnotes":""},"categories":[5],"tags":[],"sp_smart_badges":[],"class_list":["post-1776","post","type-post","status-publish","format-standard","has-post-thumbnail","hentry","category-pressmeddelande"],"acf":[],"yoast_head":"<!-- This site is optimized with the Yoast SEO plugin v27.5 - https:\/\/yoast.com\/product\/yoast-seo-wordpress\/ -->\n<title>Uniwater st\u00e4rker organisationen f\u00f6r fortsatt tillv\u00e4xt \u2013 anst\u00e4ller Johan Wall\u00e9n som f\u00f6rv\u00e4rvs- och strategiansvarig - Uniwater<\/title>\n<meta name=\"robots\" content=\"index, follow, max-snippet:-1, max-image-preview:large, max-video-preview:-1\" \/>\n<link rel=\"canonical\" href=\"https:\/\/uniwater.com\/sv\/2022\/04\/26\/uniwater-starker-organisationen-for-fortsatt-tillvaxt-anstaller-johan-wallen-som-forvarvs-och-strategiansvarig\/\" \/>\n<meta property=\"og:locale\" content=\"sv_SE\" \/>\n<meta property=\"og:type\" content=\"article\" \/>\n<meta property=\"og:title\" content=\"Uniwater st\u00e4rker organisationen f\u00f6r fortsatt tillv\u00e4xt \u2013 anst\u00e4ller Johan Wall\u00e9n som f\u00f6rv\u00e4rvs- och strategiansvarig - Uniwater\" \/>\n<meta property=\"og:description\" content=\"Uniwater, en av Nordens ledande koncerner med specialister inom VA-tekniska l\u00f6sningar, \u00f6kar fokus p\u00e5 fortsatt tillv\u00e4xt och anst\u00e4ller Johan Wall\u00e9n som ny f\u00f6rv\u00e4rvs- och strategiansvarig.\" \/>\n<meta property=\"og:url\" content=\"https:\/\/uniwater.com\/sv\/2022\/04\/26\/uniwater-starker-organisationen-for-fortsatt-tillvaxt-anstaller-johan-wallen-som-forvarvs-och-strategiansvarig\/\" \/>\n<meta property=\"og:site_name\" content=\"Uniwater\" \/>\n<meta property=\"article:published_time\" content=\"2022-04-26T05:00:00+00:00\" \/>\n<meta property=\"article:modified_time\" content=\"2026-02-02T12:30:25+00:00\" \/>\n<meta property=\"og:image\" content=\"https:\/\/uniwater.com\/wp-content\/uploads\/2022\/04\/Johan-Wallen.jpg\" \/>\n\t<meta property=\"og:image:width\" content=\"714\" \/>\n\t<meta property=\"og:image:height\" content=\"476\" \/>\n\t<meta property=\"og:image:type\" content=\"image\/jpeg\" \/>\n<meta name=\"author\" content=\"eva.morenius\" \/>\n<meta name=\"twitter:card\" content=\"summary_large_image\" \/>\n<meta name=\"twitter:label1\" content=\"Skriven av\" \/>\n\t<meta name=\"twitter:data1\" content=\"eva.morenius\" \/>\n\t<meta name=\"twitter:label2\" content=\"Ber\u00e4knad l\u00e4stid\" \/>\n\t<meta name=\"twitter:data2\" content=\"3 minuter\" \/>\n<script type=\"application\/ld+json\" class=\"yoast-schema-graph\">{\"@context\":\"https:\\\/\\\/schema.org\",\"@graph\":[{\"@type\":\"Article\",\"@id\":\"https:\\\/\\\/uniwater.com\\\/sv\\\/2022\\\/04\\\/26\\\/uniwater-starker-organisationen-for-fortsatt-tillvaxt-anstaller-johan-wallen-som-forvarvs-och-strategiansvarig\\\/#article\",\"isPartOf\":{\"@id\":\"https:\\\/\\\/uniwater.com\\\/sv\\\/2022\\\/04\\\/26\\\/uniwater-starker-organisationen-for-fortsatt-tillvaxt-anstaller-johan-wallen-som-forvarvs-och-strategiansvarig\\\/\"},\"author\":{\"name\":\"eva.morenius\",\"@id\":\"https:\\\/\\\/uniwater.com\\\/sv\\\/#\\\/schema\\\/person\\\/f98fc3c341611b0af2b16fab2d5355bf\"},\"headline\":\"Uniwater st\u00e4rker organisationen f\u00f6r fortsatt tillv\u00e4xt \u2013 anst\u00e4ller Johan Wall\u00e9n som f\u00f6rv\u00e4rvs- och strategiansvarig\",\"datePublished\":\"2022-04-26T05:00:00+00:00\",\"dateModified\":\"2026-02-02T12:30:25+00:00\",\"mainEntityOfPage\":{\"@id\":\"https:\\\/\\\/uniwater.com\\\/sv\\\/2022\\\/04\\\/26\\\/uniwater-starker-organisationen-for-fortsatt-tillvaxt-anstaller-johan-wallen-som-forvarvs-och-strategiansvarig\\\/\"},\"wordCount\":521,\"publisher\":{\"@id\":\"https:\\\/\\\/uniwater.com\\\/sv\\\/#organization\"},\"image\":{\"@id\":\"https:\\\/\\\/uniwater.com\\\/sv\\\/2022\\\/04\\\/26\\\/uniwater-starker-organisationen-for-fortsatt-tillvaxt-anstaller-johan-wallen-som-forvarvs-och-strategiansvarig\\\/#primaryimage\"},\"thumbnailUrl\":\"https:\\\/\\\/uniwater.com\\\/wp-content\\\/uploads\\\/2022\\\/04\\\/Johan-Wallen.jpg\",\"articleSection\":[\"PRESSMEDDELANDE\"],\"inLanguage\":\"sv-SE\"},{\"@type\":\"WebPage\",\"@id\":\"https:\\\/\\\/uniwater.com\\\/sv\\\/2022\\\/04\\\/26\\\/uniwater-starker-organisationen-for-fortsatt-tillvaxt-anstaller-johan-wallen-som-forvarvs-och-strategiansvarig\\\/\",\"url\":\"https:\\\/\\\/uniwater.com\\\/sv\\\/2022\\\/04\\\/26\\\/uniwater-starker-organisationen-for-fortsatt-tillvaxt-anstaller-johan-wallen-som-forvarvs-och-strategiansvarig\\\/\",\"name\":\"Uniwater st\u00e4rker organisationen f\u00f6r fortsatt tillv\u00e4xt \u2013 anst\u00e4ller Johan Wall\u00e9n som f\u00f6rv\u00e4rvs- och strategiansvarig - Uniwater\",\"isPartOf\":{\"@id\":\"https:\\\/\\\/uniwater.com\\\/sv\\\/#website\"},\"primaryImageOfPage\":{\"@id\":\"https:\\\/\\\/uniwater.com\\\/sv\\\/2022\\\/04\\\/26\\\/uniwater-starker-organisationen-for-fortsatt-tillvaxt-anstaller-johan-wallen-som-forvarvs-och-strategiansvarig\\\/#primaryimage\"},\"image\":{\"@id\":\"https:\\\/\\\/uniwater.com\\\/sv\\\/2022\\\/04\\\/26\\\/uniwater-starker-organisationen-for-fortsatt-tillvaxt-anstaller-johan-wallen-som-forvarvs-och-strategiansvarig\\\/#primaryimage\"},\"thumbnailUrl\":\"https:\\\/\\\/uniwater.com\\\/wp-content\\\/uploads\\\/2022\\\/04\\\/Johan-Wallen.jpg\",\"datePublished\":\"2022-04-26T05:00:00+00:00\",\"dateModified\":\"2026-02-02T12:30:25+00:00\",\"breadcrumb\":{\"@id\":\"https:\\\/\\\/uniwater.com\\\/sv\\\/2022\\\/04\\\/26\\\/uniwater-starker-organisationen-for-fortsatt-tillvaxt-anstaller-johan-wallen-som-forvarvs-och-strategiansvarig\\\/#breadcrumb\"},\"inLanguage\":\"sv-SE\",\"potentialAction\":[{\"@type\":\"ReadAction\",\"target\":[\"https:\\\/\\\/uniwater.com\\\/sv\\\/2022\\\/04\\\/26\\\/uniwater-starker-organisationen-for-fortsatt-tillvaxt-anstaller-johan-wallen-som-forvarvs-och-strategiansvarig\\\/\"]}]},{\"@type\":\"ImageObject\",\"inLanguage\":\"sv-SE\",\"@id\":\"https:\\\/\\\/uniwater.com\\\/sv\\\/2022\\\/04\\\/26\\\/uniwater-starker-organisationen-for-fortsatt-tillvaxt-anstaller-johan-wallen-som-forvarvs-och-strategiansvarig\\\/#primaryimage\",\"url\":\"https:\\\/\\\/uniwater.com\\\/wp-content\\\/uploads\\\/2022\\\/04\\\/Johan-Wallen.jpg\",\"contentUrl\":\"https:\\\/\\\/uniwater.com\\\/wp-content\\\/uploads\\\/2022\\\/04\\\/Johan-Wallen.jpg\",\"width\":714,\"height\":476},{\"@type\":\"BreadcrumbList\",\"@id\":\"https:\\\/\\\/uniwater.com\\\/sv\\\/2022\\\/04\\\/26\\\/uniwater-starker-organisationen-for-fortsatt-tillvaxt-anstaller-johan-wallen-som-forvarvs-och-strategiansvarig\\\/#breadcrumb\",\"itemListElement\":[{\"@type\":\"ListItem\",\"position\":1,\"name\":\"Hem\",\"item\":\"https:\\\/\\\/uniwater.com\\\/sv\\\/\"},{\"@type\":\"ListItem\",\"position\":2,\"name\":\"Uniwater st\u00e4rker organisationen f\u00f6r fortsatt tillv\u00e4xt \u2013 anst\u00e4ller Johan Wall\u00e9n som f\u00f6rv\u00e4rvs- och strategiansvarig\"}]},{\"@type\":\"WebSite\",\"@id\":\"https:\\\/\\\/uniwater.com\\\/sv\\\/#website\",\"url\":\"https:\\\/\\\/uniwater.com\\\/sv\\\/\",\"name\":\"Uniwater\",\"description\":\"Framtidens VA-l\u00f6sningar\",\"publisher\":{\"@id\":\"https:\\\/\\\/uniwater.com\\\/sv\\\/#organization\"},\"potentialAction\":[{\"@type\":\"SearchAction\",\"target\":{\"@type\":\"EntryPoint\",\"urlTemplate\":\"https:\\\/\\\/uniwater.com\\\/sv\\\/?s={search_term_string}\"},\"query-input\":{\"@type\":\"PropertyValueSpecification\",\"valueRequired\":true,\"valueName\":\"search_term_string\"}}],\"inLanguage\":\"sv-SE\"},{\"@type\":\"Organization\",\"@id\":\"https:\\\/\\\/uniwater.com\\\/sv\\\/#organization\",\"name\":\"Uniwater\",\"alternateName\":\"Uniwater AB\",\"url\":\"https:\\\/\\\/uniwater.com\\\/sv\\\/\",\"logo\":{\"@type\":\"ImageObject\",\"inLanguage\":\"sv-SE\",\"@id\":\"https:\\\/\\\/uniwater.com\\\/sv\\\/#\\\/schema\\\/logo\\\/image\\\/\",\"url\":\"https:\\\/\\\/uniwater.com\\\/wp-content\\\/uploads\\\/2024\\\/08\\\/Uniwater_Logo_RGB.png\",\"contentUrl\":\"https:\\\/\\\/uniwater.com\\\/wp-content\\\/uploads\\\/2024\\\/08\\\/Uniwater_Logo_RGB.png\",\"width\":851,\"height\":851,\"caption\":\"Uniwater\"},\"image\":{\"@id\":\"https:\\\/\\\/uniwater.com\\\/sv\\\/#\\\/schema\\\/logo\\\/image\\\/\"},\"sameAs\":[\"https:\\\/\\\/www.instagram.com\\\/uniwater_group\\\/\",\"https:\\\/\\\/www.linkedin.com\\\/company\\\/uniwaterab\\\/\"]},{\"@type\":\"Person\",\"@id\":\"https:\\\/\\\/uniwater.com\\\/sv\\\/#\\\/schema\\\/person\\\/f98fc3c341611b0af2b16fab2d5355bf\",\"name\":\"eva.morenius\",\"image\":{\"@type\":\"ImageObject\",\"inLanguage\":\"sv-SE\",\"@id\":\"https:\\\/\\\/secure.gravatar.com\\\/avatar\\\/725264e5f687116267db2b8e9ee7ff45b7f5fc0134438708d94643922cbd0b06?s=96&d=mm&r=g\",\"url\":\"https:\\\/\\\/secure.gravatar.com\\\/avatar\\\/725264e5f687116267db2b8e9ee7ff45b7f5fc0134438708d94643922cbd0b06?s=96&d=mm&r=g\",\"contentUrl\":\"https:\\\/\\\/secure.gravatar.com\\\/avatar\\\/725264e5f687116267db2b8e9ee7ff45b7f5fc0134438708d94643922cbd0b06?s=96&d=mm&r=g\",\"caption\":\"eva.morenius\"},\"url\":\"https:\\\/\\\/uniwater.com\\\/sv\\\/author\\\/eva-morenius\\\/\"}]}<\/script>\n<!-- \/ Yoast SEO plugin. -->","yoast_head_json":{"title":"Uniwater st\u00e4rker organisationen f\u00f6r fortsatt tillv\u00e4xt \u2013 anst\u00e4ller Johan Wall\u00e9n som f\u00f6rv\u00e4rvs- och strategiansvarig - Uniwater","robots":{"index":"index","follow":"follow","max-snippet":"max-snippet:-1","max-image-preview":"max-image-preview:large","max-video-preview":"max-video-preview:-1"},"canonical":"https:\/\/uniwater.com\/sv\/2022\/04\/26\/uniwater-starker-organisationen-for-fortsatt-tillvaxt-anstaller-johan-wallen-som-forvarvs-och-strategiansvarig\/","og_locale":"sv_SE","og_type":"article","og_title":"Uniwater st\u00e4rker organisationen f\u00f6r fortsatt tillv\u00e4xt \u2013 anst\u00e4ller Johan Wall\u00e9n som f\u00f6rv\u00e4rvs- och strategiansvarig - Uniwater","og_description":"Uniwater, en av Nordens ledande koncerner med specialister inom VA-tekniska l\u00f6sningar, \u00f6kar fokus p\u00e5 fortsatt tillv\u00e4xt och anst\u00e4ller Johan Wall\u00e9n som ny f\u00f6rv\u00e4rvs- och strategiansvarig.","og_url":"https:\/\/uniwater.com\/sv\/2022\/04\/26\/uniwater-starker-organisationen-for-fortsatt-tillvaxt-anstaller-johan-wallen-som-forvarvs-och-strategiansvarig\/","og_site_name":"Uniwater","article_published_time":"2022-04-26T05:00:00+00:00","article_modified_time":"2026-02-02T12:30:25+00:00","og_image":[{"width":714,"height":476,"url":"https:\/\/uniwater.com\/wp-content\/uploads\/2022\/04\/Johan-Wallen.jpg","type":"image\/jpeg"}],"author":"eva.morenius","twitter_card":"summary_large_image","twitter_misc":{"Skriven av":"eva.morenius","Ber\u00e4knad l\u00e4stid":"3 minuter"},"schema":{"@context":"https:\/\/schema.org","@graph":[{"@type":"Article","@id":"https:\/\/uniwater.com\/sv\/2022\/04\/26\/uniwater-starker-organisationen-for-fortsatt-tillvaxt-anstaller-johan-wallen-som-forvarvs-och-strategiansvarig\/#article","isPartOf":{"@id":"https:\/\/uniwater.com\/sv\/2022\/04\/26\/uniwater-starker-organisationen-for-fortsatt-tillvaxt-anstaller-johan-wallen-som-forvarvs-och-strategiansvarig\/"},"author":{"name":"eva.morenius","@id":"https:\/\/uniwater.com\/sv\/#\/schema\/person\/f98fc3c341611b0af2b16fab2d5355bf"},"headline":"Uniwater st\u00e4rker organisationen f\u00f6r fortsatt tillv\u00e4xt \u2013 anst\u00e4ller Johan Wall\u00e9n som f\u00f6rv\u00e4rvs- och strategiansvarig","datePublished":"2022-04-26T05:00:00+00:00","dateModified":"2026-02-02T12:30:25+00:00","mainEntityOfPage":{"@id":"https:\/\/uniwater.com\/sv\/2022\/04\/26\/uniwater-starker-organisationen-for-fortsatt-tillvaxt-anstaller-johan-wallen-som-forvarvs-och-strategiansvarig\/"},"wordCount":521,"publisher":{"@id":"https:\/\/uniwater.com\/sv\/#organization"},"image":{"@id":"https:\/\/uniwater.com\/sv\/2022\/04\/26\/uniwater-starker-organisationen-for-fortsatt-tillvaxt-anstaller-johan-wallen-som-forvarvs-och-strategiansvarig\/#primaryimage"},"thumbnailUrl":"https:\/\/uniwater.com\/wp-content\/uploads\/2022\/04\/Johan-Wallen.jpg","articleSection":["PRESSMEDDELANDE"],"inLanguage":"sv-SE"},{"@type":"WebPage","@id":"https:\/\/uniwater.com\/sv\/2022\/04\/26\/uniwater-starker-organisationen-for-fortsatt-tillvaxt-anstaller-johan-wallen-som-forvarvs-och-strategiansvarig\/","url":"https:\/\/uniwater.com\/sv\/2022\/04\/26\/uniwater-starker-organisationen-for-fortsatt-tillvaxt-anstaller-johan-wallen-som-forvarvs-och-strategiansvarig\/","name":"Uniwater st\u00e4rker organisationen f\u00f6r fortsatt tillv\u00e4xt \u2013 anst\u00e4ller Johan Wall\u00e9n som f\u00f6rv\u00e4rvs- och strategiansvarig - Uniwater","isPartOf":{"@id":"https:\/\/uniwater.com\/sv\/#website"},"primaryImageOfPage":{"@id":"https:\/\/uniwater.com\/sv\/2022\/04\/26\/uniwater-starker-organisationen-for-fortsatt-tillvaxt-anstaller-johan-wallen-som-forvarvs-och-strategiansvarig\/#primaryimage"},"image":{"@id":"https:\/\/uniwater.com\/sv\/2022\/04\/26\/uniwater-starker-organisationen-for-fortsatt-tillvaxt-anstaller-johan-wallen-som-forvarvs-och-strategiansvarig\/#primaryimage"},"thumbnailUrl":"https:\/\/uniwater.com\/wp-content\/uploads\/2022\/04\/Johan-Wallen.jpg","datePublished":"2022-04-26T05:00:00+00:00","dateModified":"2026-02-02T12:30:25+00:00","breadcrumb":{"@id":"https:\/\/uniwater.com\/sv\/2022\/04\/26\/uniwater-starker-organisationen-for-fortsatt-tillvaxt-anstaller-johan-wallen-som-forvarvs-och-strategiansvarig\/#breadcrumb"},"inLanguage":"sv-SE","potentialAction":[{"@type":"ReadAction","target":["https:\/\/uniwater.com\/sv\/2022\/04\/26\/uniwater-starker-organisationen-for-fortsatt-tillvaxt-anstaller-johan-wallen-som-forvarvs-och-strategiansvarig\/"]}]},{"@type":"ImageObject","inLanguage":"sv-SE","@id":"https:\/\/uniwater.com\/sv\/2022\/04\/26\/uniwater-starker-organisationen-for-fortsatt-tillvaxt-anstaller-johan-wallen-som-forvarvs-och-strategiansvarig\/#primaryimage","url":"https:\/\/uniwater.com\/wp-content\/uploads\/2022\/04\/Johan-Wallen.jpg","contentUrl":"https:\/\/uniwater.com\/wp-content\/uploads\/2022\/04\/Johan-Wallen.jpg","width":714,"height":476},{"@type":"BreadcrumbList","@id":"https:\/\/uniwater.com\/sv\/2022\/04\/26\/uniwater-starker-organisationen-for-fortsatt-tillvaxt-anstaller-johan-wallen-som-forvarvs-och-strategiansvarig\/#breadcrumb","itemListElement":[{"@type":"ListItem","position":1,"name":"Hem","item":"https:\/\/uniwater.com\/sv\/"},{"@type":"ListItem","position":2,"name":"Uniwater st\u00e4rker organisationen f\u00f6r fortsatt tillv\u00e4xt \u2013 anst\u00e4ller Johan Wall\u00e9n som f\u00f6rv\u00e4rvs- och strategiansvarig"}]},{"@type":"WebSite","@id":"https:\/\/uniwater.com\/sv\/#website","url":"https:\/\/uniwater.com\/sv\/","name":"Uniwater","description":"Framtidens VA-l\u00f6sningar","publisher":{"@id":"https:\/\/uniwater.com\/sv\/#organization"},"potentialAction":[{"@type":"SearchAction","target":{"@type":"EntryPoint","urlTemplate":"https:\/\/uniwater.com\/sv\/?s={search_term_string}"},"query-input":{"@type":"PropertyValueSpecification","valueRequired":true,"valueName":"search_term_string"}}],"inLanguage":"sv-SE"},{"@type":"Organization","@id":"https:\/\/uniwater.com\/sv\/#organization","name":"Uniwater","alternateName":"Uniwater AB","url":"https:\/\/uniwater.com\/sv\/","logo":{"@type":"ImageObject","inLanguage":"sv-SE","@id":"https:\/\/uniwater.com\/sv\/#\/schema\/logo\/image\/","url":"https:\/\/uniwater.com\/wp-content\/uploads\/2024\/08\/Uniwater_Logo_RGB.png","contentUrl":"https:\/\/uniwater.com\/wp-content\/uploads\/2024\/08\/Uniwater_Logo_RGB.png","width":851,"height":851,"caption":"Uniwater"},"image":{"@id":"https:\/\/uniwater.com\/sv\/#\/schema\/logo\/image\/"},"sameAs":["https:\/\/www.instagram.com\/uniwater_group\/","https:\/\/www.linkedin.com\/company\/uniwaterab\/"]},{"@type":"Person","@id":"https:\/\/uniwater.com\/sv\/#\/schema\/person\/f98fc3c341611b0af2b16fab2d5355bf","name":"eva.morenius","image":{"@type":"ImageObject","inLanguage":"sv-SE","@id":"https:\/\/secure.gravatar.com\/avatar\/725264e5f687116267db2b8e9ee7ff45b7f5fc0134438708d94643922cbd0b06?s=96&d=mm&r=g","url":"https:\/\/secure.gravatar.com\/avatar\/725264e5f687116267db2b8e9ee7ff45b7f5fc0134438708d94643922cbd0b06?s=96&d=mm&r=g","contentUrl":"https:\/\/secure.gravatar.com\/avatar\/725264e5f687116267db2b8e9ee7ff45b7f5fc0134438708d94643922cbd0b06?s=96&d=mm&r=g","caption":"eva.morenius"},"url":"https:\/\/uniwater.com\/sv\/author\/eva-morenius\/"}]}},"_links":{"self":[{"href":"https:\/\/uniwater.com\/sv\/wp-json\/wp\/v2\/posts\/1776","targetHints":{"allow":["GET"]}}],"collection":[{"href":"https:\/\/uniwater.com\/sv\/wp-json\/wp\/v2\/posts"}],"about":[{"href":"https:\/\/uniwater.com\/sv\/wp-json\/wp\/v2\/types\/post"}],"author":[{"embeddable":true,"href":"https:\/\/uniwater.com\/sv\/wp-json\/wp\/v2\/users\/4"}],"replies":[{"embeddable":true,"href":"https:\/\/uniwater.com\/sv\/wp-json\/wp\/v2\/comments?post=1776"}],"version-history":[{"count":5,"href":"https:\/\/uniwater.com\/sv\/wp-json\/wp\/v2\/posts\/1776\/revisions"}],"predecessor-version":[{"id":3703,"href":"https:\/\/uniwater.com\/sv\/wp-json\/wp\/v2\/posts\/1776\/revisions\/3703"}],"wp:featuredmedia":[{"embeddable":true,"href":"https:\/\/uniwater.com\/sv\/wp-json\/wp\/v2\/media\/1777"}],"wp:attachment":[{"href":"https:\/\/uniwater.com\/sv\/wp-json\/wp\/v2\/media?parent=1776"}],"wp:term":[{"taxonomy":"category","embeddable":true,"href":"https:\/\/uniwater.com\/sv\/wp-json\/wp\/v2\/categories?post=1776"},{"taxonomy":"post_tag","embeddable":true,"href":"https:\/\/uniwater.com\/sv\/wp-json\/wp\/v2\/tags?post=1776"},{"taxonomy":"sp_smart_badges","embeddable":true,"href":"https:\/\/uniwater.com\/sv\/wp-json\/wp\/v2\/sp_smart_badges?post=1776"}],"curies":[{"name":"wp","href":"https:\/\/api.w.org\/{rel}","templated":true}]}}