{"id":5252,"date":"2025-01-07T10:58:48","date_gmt":"2025-01-07T09:58:48","guid":{"rendered":"https:\/\/uniwater.se\/?p=5252"},"modified":"2026-02-02T13:29:33","modified_gmt":"2026-02-02T12:29:33","slug":"klas-gille-ny-vd-for-svanesunds-ror","status":"publish","type":"post","link":"https:\/\/uniwater.com\/sv\/2025\/01\/07\/klas-gille-ny-vd-for-svanesunds-ror\/","title":{"rendered":"Klas Gille ny VD f\u00f6r Svanesunds r\u00f6r"},"content":{"rendered":"\n<p>Klas Gille kommer n\u00e4rmast fr\u00e5n Kungsbacka kommun, d\u00e4r han har jobbat som byggledare och projektledare inom VA. Han har \u00e4ven drivit eget f\u00f6retag inom bygg och entreprenad, d\u00e4r han bland annat drivit ett <a href=\"https:\/\/www.svt.se\/nyheter\/lokalt\/halland\/hantverkare-renoverar-helt-hus-i-asa-med-aterbrukat-material\">pilotprojekt att renovera en \u00e4ldre fastighet med s\u00e5 mycket \u00e5terbrukat material som m\u00f6jligt<\/a>. Ut\u00f6ver bygg och VA har Klas jobbat m\u00e5nga \u00e5r inom life science som projektledare och teknisk specialist.<\/p>\n\n\n\n<p>Nu b\u00f6rjar n\u00e4sta sp\u00e4nnande utmaning f\u00f6r Klas med att leda Svanesunds r\u00f6r in i n\u00e4sta fas av tillv\u00e4xt och utveckling. Han lockades b\u00e5de av det fantastiska teamet och den viktiga tj\u00e4nst som Svanesunds r\u00f6r levererar genom att renovera och f\u00f6rl\u00e4nga livsl\u00e4ngd p\u00e5 vatteninfrastruktur.<\/p>\n\n\n\n<blockquote class=\"wp-block-quote is-layout-flow wp-block-quote-is-layout-flow\">\n<p>Vi arbetar i en samh\u00e4llsviktig bransch som p\u00e5verkar m\u00e5nga m\u00e4nniskor och samh\u00e4llen. Att forts\u00e4tta kvalitetss\u00e4kra det vi bygger, och att vara en p\u00e5litlig partner f\u00f6r v\u00e5ra kunder, \u00e4r avg\u00f6rande f\u00f6r v\u00e5r framg\u00e5ng. Svanesunds r\u00f6r st\u00e5r f\u00f6r kvalitet, och det \u00e4r n\u00e5got vi kommer att forts\u00e4tta v\u00e5rda och utveckla. Tillsammans med alla duktiga medarbetare ser jag stora m\u00f6jligheter att st\u00e4rka v\u00e5r position p\u00e5 marknaden och forts\u00e4tta utveckla oss. Jag \u00e4r b\u00e5de \u00f6dmjuk och inspirerad av det arbete som redan har gjorts, och ser fram emot att tillsammans med teamet skapa nya, gemensamma v\u00e4gar mot en sp\u00e4nnande och framg\u00e5ngsrik framtid beskriver, Klas Gille. <\/p>\n<\/blockquote>\n\n\n\n<h2 class=\"wp-block-heading\">Svanesunds r\u00f6r firar 60 \u00e5r 2025<\/h2>\n\n\n\n<p>Svanesunds R\u00f6r startades p\u00e5 Orust av Elsie och Sven-Olof Carlsson 1965. Under 80-talet specialiserade bolaget sig p\u00e5 att svetsa i termoplast och idag utf\u00f6r de st\u00f6rre infrastrukturprojekt f\u00f6r vatten, avlopp, gas och fj\u00e4rrkyla. Avg\u00e5ende VD Hans Carlsson har byggt upp ett brett tj\u00e4nsteerbjudande som omfattar specialistkompetenser inom avancerad svetsning, l\u00e4cks\u00f6kning och tryckprovning med mera. Bolaget har ocks\u00e5 en omfattande maskinpark och verkstad f\u00f6r produktion av tankar, r\u00f6rdetaljer och utveckling av svetsmetoder. <\/p>\n\n\n\n<figure class=\"wp-block-image aligncenter size-large is-resized\"><img loading=\"lazy\" decoding=\"async\" width=\"1024\" height=\"577\" src=\"https:\/\/uniwater.com\/wp-content\/uploads\/2025\/01\/Vatten-2023_stumsvets_16-9-1024x577.jpg\" alt=\"\" class=\"wp-image-5262\" style=\"width:910px;height:auto\" srcset=\"https:\/\/uniwater.com\/wp-content\/uploads\/2025\/01\/Vatten-2023_stumsvets_16-9-1024x577.jpg 1024w, https:\/\/uniwater.com\/wp-content\/uploads\/2025\/01\/Vatten-2023_stumsvets_16-9-980x552.jpg 980w, https:\/\/uniwater.com\/wp-content\/uploads\/2025\/01\/Vatten-2023_stumsvets_16-9-480x270.jpg 480w\" sizes=\"(min-width: 0px) and (max-width: 480px) 480px, (min-width: 481px) and (max-width: 980px) 980px, (min-width: 981px) 1024px, 100vw\" \/><figcaption class=\"wp-element-caption\">Svanesunds r\u00f6rs stumsvets, h\u00e4r p\u00e5 &#8221;Vatten 2023&#8221; p\u00e5 Svenska M\u00e4ssan i G\u00f6teborg. <\/figcaption><\/figure>\n\n\n\n<p>N\u00e4r Hans Carlsson nu l\u00e4mnar VD-uppdraget kommer han att jobba kvar i bolaget och fokusera p\u00e5 att driva f\u00f6rs\u00e4ljning och utveckla bolagets kunderbjudande \u00e4n mer. S\u00e5 h\u00e4r beskriver Hans sj\u00e4lv successionen:\u00a0<\/p>\n\n\n\n<blockquote class=\"wp-block-quote is-layout-flow wp-block-quote-is-layout-flow\">\n<p>Att leda Svanesunds r\u00f6r har varit ett stort privilegium f\u00f6r mig. Jag har haft f\u00f6rm\u00e5nen att f\u00f6lja min fars fotsp\u00e5r, som grundade f\u00f6retaget 1965, och jag k\u00e4nner stor stolthet \u00f6ver allt vi har \u00e5stadkommit. Jag ser med tillf\u00f6rsikt p\u00e5 framtiden och \u00e4r \u00f6vertygad om att Klas kommer att forts\u00e4tta bygga vidare p\u00e5 det starka fundament vi har lagt. Jag ser fram emot att vara med p\u00e5 den fortsatta resan och bidra till bolagets framg\u00e5ng p\u00e5 ett nytt s\u00e4tt, s\u00e4ger avg\u00e5ende VD Hans Carlsson. <\/p>\n<\/blockquote>\n\n\n\n<p>Fr\u00e5n Uniwater vill vi passa p\u00e5 att uttrycka v\u00e5rt varma tack till Hans f\u00f6r det gedigna arbete som har utf\u00f6rts under hans tid som VD.<\/p>\n\n\n\n<blockquote class=\"wp-block-quote is-layout-flow wp-block-quote-is-layout-flow\">\n<p>Jag och Uniwaters ledningsgrupp \u00e4r mycket tacksamma f\u00f6r Hans arbete inom Svanesunds r\u00f6r. Det \u00e4r stora skor att fylla, men vi \u00e4r \u00f6vertygade om att Klas Gille \u00e4r r\u00e4tt person f\u00f6r uppdraget. Den nya ledningen, tillsammans med Hans fortsatta engagemang, kommer att st\u00e4rka bolagets position och bidra till fortsatt framg\u00e5ng, s\u00e4ger Olof Nordin, aff\u00e4rsomr\u00e5deschef f\u00f6r Uniwater Treatment.<\/p>\n<\/blockquote>\n\n\n\n<figure class=\"wp-block-image size-large wp-duotone-unset-1\"><img loading=\"lazy\" decoding=\"async\" width=\"1024\" height=\"576\" src=\"https:\/\/uniwater.com\/wp-content\/uploads\/2025\/01\/SVR_orust-2024--1024x576.jpg\" alt=\"\" class=\"wp-image-5258\" srcset=\"https:\/\/uniwater.com\/wp-content\/uploads\/2025\/01\/SVR_orust-2024--1024x576.jpg 1024w, https:\/\/uniwater.com\/wp-content\/uploads\/2025\/01\/SVR_orust-2024--980x551.jpg 980w, https:\/\/uniwater.com\/wp-content\/uploads\/2025\/01\/SVR_orust-2024--480x270.jpg 480w\" sizes=\"(min-width: 0px) and (max-width: 480px) 480px, (min-width: 481px) and (max-width: 980px) 980px, (min-width: 981px) 1024px, 100vw\" \/><figcaption class=\"wp-element-caption\">Teamet p\u00e5 Svanesunds r\u00f6r p\u00e5 Orust <\/figcaption><\/figure>\n","protected":false},"excerpt":{"rendered":"<p>Dags f\u00f6r generationsskifte p\u00e5 Uniwaterbolaget Svanesunds r\u00f6r AB p\u00e5 Orust. Klas Gille tar \u00f6ver som VD fr\u00e5n och med 1 januari 2025, och eftertr\u00e4der Hans Carlsson efter m\u00e5nga \u00e5r p\u00e5 posten. Klas \u00e4r en erfaren ledare med bakgrund inom VA, bygg och processindustri. Dessutom \u00e4r han engagerad i h\u00e5llbara l\u00f6sningar f\u00f6r branschen, genom \u00e5terbruk och renovering.\u00a0<\/p>\n","protected":false},"author":11,"featured_media":5253,"comment_status":"closed","ping_status":"open","sticky":false,"template":"","format":"standard","meta":{"_acf_changed":false,"_et_pb_use_builder":"","_et_pb_old_content":"","_et_gb_content_width":"","footnotes":""},"categories":[4,48],"tags":[55],"sp_smart_badges":[],"class_list":["post-5252","post","type-post","status-publish","format-standard","has-post-thumbnail","hentry","category-nyhet","category-vatteninfrastruktur","tag-process"],"acf":[],"yoast_head":"<!-- This site is optimized with the Yoast SEO plugin v27.5 - https:\/\/yoast.com\/product\/yoast-seo-wordpress\/ -->\n<title>Klas Gille ny VD f\u00f6r Svanesunds r\u00f6r - Uniwater<\/title>\n<meta name=\"description\" content=\"Dags f\u00f6r generationsskifte p\u00e5 Uniwaterbolaget Svanesunds r\u00f6r AB p\u00e5 Orust. Klas Gille tar \u00f6ver som VD fr\u00e5n och med 1 januari 2025, och eftertr\u00e4der Hans Carlsson efter m\u00e5nga \u00e5r p\u00e5 posten. Klas \u00e4r en erfaren ledare med bakgrund inom VA, bygg och processindustri. Dessutom \u00e4r han engagerad i h\u00e5llbara l\u00f6sningar f\u00f6r branschen, genom \u00e5terbruk och renovering.\u00a0\" \/>\n<meta name=\"robots\" content=\"index, follow, max-snippet:-1, max-image-preview:large, max-video-preview:-1\" \/>\n<link rel=\"canonical\" href=\"https:\/\/uniwater.com\/sv\/2025\/01\/07\/klas-gille-ny-vd-for-svanesunds-ror\/\" \/>\n<meta property=\"og:locale\" content=\"sv_SE\" \/>\n<meta property=\"og:type\" content=\"article\" \/>\n<meta property=\"og:title\" content=\"Klas Gille ny VD f\u00f6r Svanesunds r\u00f6r - Uniwater\" \/>\n<meta property=\"og:description\" content=\"Dags f\u00f6r generationsskifte p\u00e5 Uniwaterbolaget Svanesunds r\u00f6r AB p\u00e5 Orust. Klas Gille tar \u00f6ver som VD fr\u00e5n och med 1 januari 2025, och eftertr\u00e4der Hans Carlsson efter m\u00e5nga \u00e5r p\u00e5 posten. Klas \u00e4r en erfaren ledare med bakgrund inom VA, bygg och processindustri. Dessutom \u00e4r han engagerad i h\u00e5llbara l\u00f6sningar f\u00f6r branschen, genom \u00e5terbruk och renovering.\u00a0\" \/>\n<meta property=\"og:url\" content=\"https:\/\/uniwater.com\/sv\/2025\/01\/07\/klas-gille-ny-vd-for-svanesunds-ror\/\" \/>\n<meta property=\"og:site_name\" content=\"Uniwater\" \/>\n<meta property=\"article:published_time\" content=\"2025-01-07T09:58:48+00:00\" \/>\n<meta property=\"article:modified_time\" content=\"2026-02-02T12:29:33+00:00\" \/>\n<meta property=\"og:image\" content=\"https:\/\/uniwater.com\/wp-content\/uploads\/2025\/01\/Klas-Gille-Svanedunds_r-scaled.jpg\" \/>\n\t<meta property=\"og:image:width\" content=\"2560\" \/>\n\t<meta property=\"og:image:height\" content=\"2560\" \/>\n\t<meta property=\"og:image:type\" content=\"image\/jpeg\" \/>\n<meta name=\"author\" content=\"Carolina Jaworski\" \/>\n<meta name=\"twitter:card\" content=\"summary_large_image\" \/>\n<meta name=\"twitter:label1\" content=\"Skriven av\" \/>\n\t<meta name=\"twitter:data1\" content=\"Carolina Jaworski\" \/>\n\t<meta name=\"twitter:label2\" content=\"Ber\u00e4knad l\u00e4stid\" \/>\n\t<meta name=\"twitter:data2\" content=\"2 minuter\" \/>\n<script type=\"application\/ld+json\" class=\"yoast-schema-graph\">{\"@context\":\"https:\\\/\\\/schema.org\",\"@graph\":[{\"@type\":\"Article\",\"@id\":\"https:\\\/\\\/uniwater.com\\\/sv\\\/2025\\\/01\\\/07\\\/klas-gille-ny-vd-for-svanesunds-ror\\\/#article\",\"isPartOf\":{\"@id\":\"https:\\\/\\\/uniwater.com\\\/sv\\\/2025\\\/01\\\/07\\\/klas-gille-ny-vd-for-svanesunds-ror\\\/\"},\"author\":{\"name\":\"Carolina Jaworski\",\"@id\":\"https:\\\/\\\/uniwater.com\\\/sv\\\/#\\\/schema\\\/person\\\/ed41f599cca65e5c7aa700b74777835d\"},\"headline\":\"Klas Gille ny VD f\u00f6r Svanesunds r\u00f6r\",\"datePublished\":\"2025-01-07T09:58:48+00:00\",\"dateModified\":\"2026-02-02T12:29:33+00:00\",\"mainEntityOfPage\":{\"@id\":\"https:\\\/\\\/uniwater.com\\\/sv\\\/2025\\\/01\\\/07\\\/klas-gille-ny-vd-for-svanesunds-ror\\\/\"},\"wordCount\":602,\"publisher\":{\"@id\":\"https:\\\/\\\/uniwater.com\\\/sv\\\/#organization\"},\"image\":{\"@id\":\"https:\\\/\\\/uniwater.com\\\/sv\\\/2025\\\/01\\\/07\\\/klas-gille-ny-vd-for-svanesunds-ror\\\/#primaryimage\"},\"thumbnailUrl\":\"https:\\\/\\\/uniwater.com\\\/wp-content\\\/uploads\\\/2025\\\/01\\\/Klas-Gille-Svanedunds_r-scaled.jpg\",\"keywords\":[\"PROCESS\"],\"articleSection\":[\"NYHET\",\"VATTENINFRASTRUKTUR\"],\"inLanguage\":\"sv-SE\"},{\"@type\":\"WebPage\",\"@id\":\"https:\\\/\\\/uniwater.com\\\/sv\\\/2025\\\/01\\\/07\\\/klas-gille-ny-vd-for-svanesunds-ror\\\/\",\"url\":\"https:\\\/\\\/uniwater.com\\\/sv\\\/2025\\\/01\\\/07\\\/klas-gille-ny-vd-for-svanesunds-ror\\\/\",\"name\":\"Klas Gille ny VD f\u00f6r Svanesunds r\u00f6r - Uniwater\",\"isPartOf\":{\"@id\":\"https:\\\/\\\/uniwater.com\\\/sv\\\/#website\"},\"primaryImageOfPage\":{\"@id\":\"https:\\\/\\\/uniwater.com\\\/sv\\\/2025\\\/01\\\/07\\\/klas-gille-ny-vd-for-svanesunds-ror\\\/#primaryimage\"},\"image\":{\"@id\":\"https:\\\/\\\/uniwater.com\\\/sv\\\/2025\\\/01\\\/07\\\/klas-gille-ny-vd-for-svanesunds-ror\\\/#primaryimage\"},\"thumbnailUrl\":\"https:\\\/\\\/uniwater.com\\\/wp-content\\\/uploads\\\/2025\\\/01\\\/Klas-Gille-Svanedunds_r-scaled.jpg\",\"datePublished\":\"2025-01-07T09:58:48+00:00\",\"dateModified\":\"2026-02-02T12:29:33+00:00\",\"description\":\"Dags f\u00f6r generationsskifte p\u00e5 Uniwaterbolaget Svanesunds r\u00f6r AB p\u00e5 Orust. Klas Gille tar \u00f6ver som VD fr\u00e5n och med 1 januari 2025, och eftertr\u00e4der Hans Carlsson efter m\u00e5nga \u00e5r p\u00e5 posten. Klas \u00e4r en erfaren ledare med bakgrund inom VA, bygg och processindustri. Dessutom \u00e4r han engagerad i h\u00e5llbara l\u00f6sningar f\u00f6r branschen, genom \u00e5terbruk och renovering.\u00a0\",\"breadcrumb\":{\"@id\":\"https:\\\/\\\/uniwater.com\\\/sv\\\/2025\\\/01\\\/07\\\/klas-gille-ny-vd-for-svanesunds-ror\\\/#breadcrumb\"},\"inLanguage\":\"sv-SE\",\"potentialAction\":[{\"@type\":\"ReadAction\",\"target\":[\"https:\\\/\\\/uniwater.com\\\/sv\\\/2025\\\/01\\\/07\\\/klas-gille-ny-vd-for-svanesunds-ror\\\/\"]}]},{\"@type\":\"ImageObject\",\"inLanguage\":\"sv-SE\",\"@id\":\"https:\\\/\\\/uniwater.com\\\/sv\\\/2025\\\/01\\\/07\\\/klas-gille-ny-vd-for-svanesunds-ror\\\/#primaryimage\",\"url\":\"https:\\\/\\\/uniwater.com\\\/wp-content\\\/uploads\\\/2025\\\/01\\\/Klas-Gille-Svanedunds_r-scaled.jpg\",\"contentUrl\":\"https:\\\/\\\/uniwater.com\\\/wp-content\\\/uploads\\\/2025\\\/01\\\/Klas-Gille-Svanedunds_r-scaled.jpg\",\"width\":2560,\"height\":2560},{\"@type\":\"BreadcrumbList\",\"@id\":\"https:\\\/\\\/uniwater.com\\\/sv\\\/2025\\\/01\\\/07\\\/klas-gille-ny-vd-for-svanesunds-ror\\\/#breadcrumb\",\"itemListElement\":[{\"@type\":\"ListItem\",\"position\":1,\"name\":\"Hem\",\"item\":\"https:\\\/\\\/uniwater.com\\\/sv\\\/\"},{\"@type\":\"ListItem\",\"position\":2,\"name\":\"Klas Gille ny VD f\u00f6r Svanesunds r\u00f6r\"}]},{\"@type\":\"WebSite\",\"@id\":\"https:\\\/\\\/uniwater.com\\\/sv\\\/#website\",\"url\":\"https:\\\/\\\/uniwater.com\\\/sv\\\/\",\"name\":\"Uniwater\",\"description\":\"Framtidens VA-l\u00f6sningar\",\"publisher\":{\"@id\":\"https:\\\/\\\/uniwater.com\\\/sv\\\/#organization\"},\"potentialAction\":[{\"@type\":\"SearchAction\",\"target\":{\"@type\":\"EntryPoint\",\"urlTemplate\":\"https:\\\/\\\/uniwater.com\\\/sv\\\/?s={search_term_string}\"},\"query-input\":{\"@type\":\"PropertyValueSpecification\",\"valueRequired\":true,\"valueName\":\"search_term_string\"}}],\"inLanguage\":\"sv-SE\"},{\"@type\":\"Organization\",\"@id\":\"https:\\\/\\\/uniwater.com\\\/sv\\\/#organization\",\"name\":\"Uniwater\",\"alternateName\":\"Uniwater AB\",\"url\":\"https:\\\/\\\/uniwater.com\\\/sv\\\/\",\"logo\":{\"@type\":\"ImageObject\",\"inLanguage\":\"sv-SE\",\"@id\":\"https:\\\/\\\/uniwater.com\\\/sv\\\/#\\\/schema\\\/logo\\\/image\\\/\",\"url\":\"https:\\\/\\\/uniwater.com\\\/wp-content\\\/uploads\\\/2024\\\/08\\\/Uniwater_Logo_RGB.png\",\"contentUrl\":\"https:\\\/\\\/uniwater.com\\\/wp-content\\\/uploads\\\/2024\\\/08\\\/Uniwater_Logo_RGB.png\",\"width\":851,\"height\":851,\"caption\":\"Uniwater\"},\"image\":{\"@id\":\"https:\\\/\\\/uniwater.com\\\/sv\\\/#\\\/schema\\\/logo\\\/image\\\/\"},\"sameAs\":[\"https:\\\/\\\/www.instagram.com\\\/uniwater_group\\\/\",\"https:\\\/\\\/www.linkedin.com\\\/company\\\/uniwaterab\\\/\"]},{\"@type\":\"Person\",\"@id\":\"https:\\\/\\\/uniwater.com\\\/sv\\\/#\\\/schema\\\/person\\\/ed41f599cca65e5c7aa700b74777835d\",\"name\":\"Carolina Jaworski\",\"image\":{\"@type\":\"ImageObject\",\"inLanguage\":\"sv-SE\",\"@id\":\"https:\\\/\\\/secure.gravatar.com\\\/avatar\\\/92d7f30f5c950dfc1e95be5032d9e1eff4844572a2db1300b9b8389b094d021f?s=96&d=mm&r=g\",\"url\":\"https:\\\/\\\/secure.gravatar.com\\\/avatar\\\/92d7f30f5c950dfc1e95be5032d9e1eff4844572a2db1300b9b8389b094d021f?s=96&d=mm&r=g\",\"contentUrl\":\"https:\\\/\\\/secure.gravatar.com\\\/avatar\\\/92d7f30f5c950dfc1e95be5032d9e1eff4844572a2db1300b9b8389b094d021f?s=96&d=mm&r=g\",\"caption\":\"Carolina Jaworski\"},\"url\":\"https:\\\/\\\/uniwater.com\\\/sv\\\/author\\\/carolina-jaworski\\\/\"}]}<\/script>\n<!-- \/ Yoast SEO plugin. -->","yoast_head_json":{"title":"Klas Gille ny VD f\u00f6r Svanesunds r\u00f6r - Uniwater","description":"Dags f\u00f6r generationsskifte p\u00e5 Uniwaterbolaget Svanesunds r\u00f6r AB p\u00e5 Orust. Klas Gille tar \u00f6ver som VD fr\u00e5n och med 1 januari 2025, och eftertr\u00e4der Hans Carlsson efter m\u00e5nga \u00e5r p\u00e5 posten. Klas \u00e4r en erfaren ledare med bakgrund inom VA, bygg och processindustri. Dessutom \u00e4r han engagerad i h\u00e5llbara l\u00f6sningar f\u00f6r branschen, genom \u00e5terbruk och renovering.\u00a0","robots":{"index":"index","follow":"follow","max-snippet":"max-snippet:-1","max-image-preview":"max-image-preview:large","max-video-preview":"max-video-preview:-1"},"canonical":"https:\/\/uniwater.com\/sv\/2025\/01\/07\/klas-gille-ny-vd-for-svanesunds-ror\/","og_locale":"sv_SE","og_type":"article","og_title":"Klas Gille ny VD f\u00f6r Svanesunds r\u00f6r - Uniwater","og_description":"Dags f\u00f6r generationsskifte p\u00e5 Uniwaterbolaget Svanesunds r\u00f6r AB p\u00e5 Orust. Klas Gille tar \u00f6ver som VD fr\u00e5n och med 1 januari 2025, och eftertr\u00e4der Hans Carlsson efter m\u00e5nga \u00e5r p\u00e5 posten. Klas \u00e4r en erfaren ledare med bakgrund inom VA, bygg och processindustri. Dessutom \u00e4r han engagerad i h\u00e5llbara l\u00f6sningar f\u00f6r branschen, genom \u00e5terbruk och renovering.\u00a0","og_url":"https:\/\/uniwater.com\/sv\/2025\/01\/07\/klas-gille-ny-vd-for-svanesunds-ror\/","og_site_name":"Uniwater","article_published_time":"2025-01-07T09:58:48+00:00","article_modified_time":"2026-02-02T12:29:33+00:00","og_image":[{"width":2560,"height":2560,"url":"https:\/\/uniwater.com\/wp-content\/uploads\/2025\/01\/Klas-Gille-Svanedunds_r-scaled.jpg","type":"image\/jpeg"}],"author":"Carolina Jaworski","twitter_card":"summary_large_image","twitter_misc":{"Skriven av":"Carolina Jaworski","Ber\u00e4knad l\u00e4stid":"2 minuter"},"schema":{"@context":"https:\/\/schema.org","@graph":[{"@type":"Article","@id":"https:\/\/uniwater.com\/sv\/2025\/01\/07\/klas-gille-ny-vd-for-svanesunds-ror\/#article","isPartOf":{"@id":"https:\/\/uniwater.com\/sv\/2025\/01\/07\/klas-gille-ny-vd-for-svanesunds-ror\/"},"author":{"name":"Carolina Jaworski","@id":"https:\/\/uniwater.com\/sv\/#\/schema\/person\/ed41f599cca65e5c7aa700b74777835d"},"headline":"Klas Gille ny VD f\u00f6r Svanesunds r\u00f6r","datePublished":"2025-01-07T09:58:48+00:00","dateModified":"2026-02-02T12:29:33+00:00","mainEntityOfPage":{"@id":"https:\/\/uniwater.com\/sv\/2025\/01\/07\/klas-gille-ny-vd-for-svanesunds-ror\/"},"wordCount":602,"publisher":{"@id":"https:\/\/uniwater.com\/sv\/#organization"},"image":{"@id":"https:\/\/uniwater.com\/sv\/2025\/01\/07\/klas-gille-ny-vd-for-svanesunds-ror\/#primaryimage"},"thumbnailUrl":"https:\/\/uniwater.com\/wp-content\/uploads\/2025\/01\/Klas-Gille-Svanedunds_r-scaled.jpg","keywords":["PROCESS"],"articleSection":["NYHET","VATTENINFRASTRUKTUR"],"inLanguage":"sv-SE"},{"@type":"WebPage","@id":"https:\/\/uniwater.com\/sv\/2025\/01\/07\/klas-gille-ny-vd-for-svanesunds-ror\/","url":"https:\/\/uniwater.com\/sv\/2025\/01\/07\/klas-gille-ny-vd-for-svanesunds-ror\/","name":"Klas Gille ny VD f\u00f6r Svanesunds r\u00f6r - Uniwater","isPartOf":{"@id":"https:\/\/uniwater.com\/sv\/#website"},"primaryImageOfPage":{"@id":"https:\/\/uniwater.com\/sv\/2025\/01\/07\/klas-gille-ny-vd-for-svanesunds-ror\/#primaryimage"},"image":{"@id":"https:\/\/uniwater.com\/sv\/2025\/01\/07\/klas-gille-ny-vd-for-svanesunds-ror\/#primaryimage"},"thumbnailUrl":"https:\/\/uniwater.com\/wp-content\/uploads\/2025\/01\/Klas-Gille-Svanedunds_r-scaled.jpg","datePublished":"2025-01-07T09:58:48+00:00","dateModified":"2026-02-02T12:29:33+00:00","description":"Dags f\u00f6r generationsskifte p\u00e5 Uniwaterbolaget Svanesunds r\u00f6r AB p\u00e5 Orust. Klas Gille tar \u00f6ver som VD fr\u00e5n och med 1 januari 2025, och eftertr\u00e4der Hans Carlsson efter m\u00e5nga \u00e5r p\u00e5 posten. Klas \u00e4r en erfaren ledare med bakgrund inom VA, bygg och processindustri. Dessutom \u00e4r han engagerad i h\u00e5llbara l\u00f6sningar f\u00f6r branschen, genom \u00e5terbruk och renovering.\u00a0","breadcrumb":{"@id":"https:\/\/uniwater.com\/sv\/2025\/01\/07\/klas-gille-ny-vd-for-svanesunds-ror\/#breadcrumb"},"inLanguage":"sv-SE","potentialAction":[{"@type":"ReadAction","target":["https:\/\/uniwater.com\/sv\/2025\/01\/07\/klas-gille-ny-vd-for-svanesunds-ror\/"]}]},{"@type":"ImageObject","inLanguage":"sv-SE","@id":"https:\/\/uniwater.com\/sv\/2025\/01\/07\/klas-gille-ny-vd-for-svanesunds-ror\/#primaryimage","url":"https:\/\/uniwater.com\/wp-content\/uploads\/2025\/01\/Klas-Gille-Svanedunds_r-scaled.jpg","contentUrl":"https:\/\/uniwater.com\/wp-content\/uploads\/2025\/01\/Klas-Gille-Svanedunds_r-scaled.jpg","width":2560,"height":2560},{"@type":"BreadcrumbList","@id":"https:\/\/uniwater.com\/sv\/2025\/01\/07\/klas-gille-ny-vd-for-svanesunds-ror\/#breadcrumb","itemListElement":[{"@type":"ListItem","position":1,"name":"Hem","item":"https:\/\/uniwater.com\/sv\/"},{"@type":"ListItem","position":2,"name":"Klas Gille ny VD f\u00f6r Svanesunds r\u00f6r"}]},{"@type":"WebSite","@id":"https:\/\/uniwater.com\/sv\/#website","url":"https:\/\/uniwater.com\/sv\/","name":"Uniwater","description":"Framtidens VA-l\u00f6sningar","publisher":{"@id":"https:\/\/uniwater.com\/sv\/#organization"},"potentialAction":[{"@type":"SearchAction","target":{"@type":"EntryPoint","urlTemplate":"https:\/\/uniwater.com\/sv\/?s={search_term_string}"},"query-input":{"@type":"PropertyValueSpecification","valueRequired":true,"valueName":"search_term_string"}}],"inLanguage":"sv-SE"},{"@type":"Organization","@id":"https:\/\/uniwater.com\/sv\/#organization","name":"Uniwater","alternateName":"Uniwater AB","url":"https:\/\/uniwater.com\/sv\/","logo":{"@type":"ImageObject","inLanguage":"sv-SE","@id":"https:\/\/uniwater.com\/sv\/#\/schema\/logo\/image\/","url":"https:\/\/uniwater.com\/wp-content\/uploads\/2024\/08\/Uniwater_Logo_RGB.png","contentUrl":"https:\/\/uniwater.com\/wp-content\/uploads\/2024\/08\/Uniwater_Logo_RGB.png","width":851,"height":851,"caption":"Uniwater"},"image":{"@id":"https:\/\/uniwater.com\/sv\/#\/schema\/logo\/image\/"},"sameAs":["https:\/\/www.instagram.com\/uniwater_group\/","https:\/\/www.linkedin.com\/company\/uniwaterab\/"]},{"@type":"Person","@id":"https:\/\/uniwater.com\/sv\/#\/schema\/person\/ed41f599cca65e5c7aa700b74777835d","name":"Carolina Jaworski","image":{"@type":"ImageObject","inLanguage":"sv-SE","@id":"https:\/\/secure.gravatar.com\/avatar\/92d7f30f5c950dfc1e95be5032d9e1eff4844572a2db1300b9b8389b094d021f?s=96&d=mm&r=g","url":"https:\/\/secure.gravatar.com\/avatar\/92d7f30f5c950dfc1e95be5032d9e1eff4844572a2db1300b9b8389b094d021f?s=96&d=mm&r=g","contentUrl":"https:\/\/secure.gravatar.com\/avatar\/92d7f30f5c950dfc1e95be5032d9e1eff4844572a2db1300b9b8389b094d021f?s=96&d=mm&r=g","caption":"Carolina Jaworski"},"url":"https:\/\/uniwater.com\/sv\/author\/carolina-jaworski\/"}]}},"_links":{"self":[{"href":"https:\/\/uniwater.com\/sv\/wp-json\/wp\/v2\/posts\/5252","targetHints":{"allow":["GET"]}}],"collection":[{"href":"https:\/\/uniwater.com\/sv\/wp-json\/wp\/v2\/posts"}],"about":[{"href":"https:\/\/uniwater.com\/sv\/wp-json\/wp\/v2\/types\/post"}],"author":[{"embeddable":true,"href":"https:\/\/uniwater.com\/sv\/wp-json\/wp\/v2\/users\/11"}],"replies":[{"embeddable":true,"href":"https:\/\/uniwater.com\/sv\/wp-json\/wp\/v2\/comments?post=5252"}],"version-history":[{"count":3,"href":"https:\/\/uniwater.com\/sv\/wp-json\/wp\/v2\/posts\/5252\/revisions"}],"predecessor-version":[{"id":5269,"href":"https:\/\/uniwater.com\/sv\/wp-json\/wp\/v2\/posts\/5252\/revisions\/5269"}],"wp:featuredmedia":[{"embeddable":true,"href":"https:\/\/uniwater.com\/sv\/wp-json\/wp\/v2\/media\/5253"}],"wp:attachment":[{"href":"https:\/\/uniwater.com\/sv\/wp-json\/wp\/v2\/media?parent=5252"}],"wp:term":[{"taxonomy":"category","embeddable":true,"href":"https:\/\/uniwater.com\/sv\/wp-json\/wp\/v2\/categories?post=5252"},{"taxonomy":"post_tag","embeddable":true,"href":"https:\/\/uniwater.com\/sv\/wp-json\/wp\/v2\/tags?post=5252"},{"taxonomy":"sp_smart_badges","embeddable":true,"href":"https:\/\/uniwater.com\/sv\/wp-json\/wp\/v2\/sp_smart_badges?post=5252"}],"curies":[{"name":"wp","href":"https:\/\/api.w.org\/{rel}","templated":true}]}}