{"id":5754,"date":"2025-04-16T08:56:48","date_gmt":"2025-04-16T06:56:48","guid":{"rendered":"https:\/\/uniwater.se\/?p=5754"},"modified":"2026-02-02T13:29:15","modified_gmt":"2026-02-02T12:29:15","slug":"ibeco-tanker-helhet-valmaende-affarer-manniskor-och-miljo","status":"publish","type":"post","link":"https:\/\/uniwater.com\/sv\/2025\/04\/16\/ibeco-tanker-helhet-valmaende-affarer-manniskor-och-miljo\/","title":{"rendered":"IBECO t\u00e4nker helhet: v\u00e4lm\u00e5ende aff\u00e4rer, m\u00e4nniskor och milj\u00f6"},"content":{"rendered":"\n<p>Pethra Nordlund hade jobbat m\u00e5nga \u00e5r inom pappersindustrin n\u00e4r hon b\u00f6rjade som KMA-ansvarig (Kvalitets och Arbetsmilj\u00f6ansvarig) p\u00e5 IBECO i slutet av 2023. Hon tycker att det \u00e4r mycket inspirerande och l\u00e4rorikt att vara i en ny bransch. &#8221;Det fullkomligt bubblar av energi och engagemang inom IBECO. Det p\u00e5g\u00e5r otroligt m\u00e5nga sp\u00e4nnande aktiviteter i hela f\u00f6retaget&#8221; s\u00e4ger Pethra som ser tillbaka p\u00e5 ett h\u00e4ndelserikt 2024.<\/p>\n\n\n\n<p>Helhetst\u00e4nket \u00e4r viktigt f\u00f6r IBECO. Att f\u00e5 med ekonomisk, ekologisk och social h\u00e5llbarhet i allt man g\u00f6r. Utifr\u00e5n detta syns\u00e4tt bedrivs ett h\u00e5llbarhetsarbete p\u00e5 bred front inom IBECO. Ett omfattande arbete har genomf\u00f6rts f\u00f6r att implementera kraven enligt ISO 9000 (kvalitet), ISO 14000 (milj\u00f6) och ISO 45000 (arbetsmilj\u00f6). En certifieringsrevision kommer att genomf\u00f6ras i maj 2025. <\/p>\n\n\n\n<h4 class=\"wp-block-heading\">Uppdaterade och tillg\u00e4ngliga EDP:er<\/h4>\n\n\n\n<p>Kundkraven och intresset f\u00f6r olika typer av milj\u00f6bed\u00f6mingar \u00f6kar inom branschen. IBECO bedriver ett kontinuerligt och brett arbete f\u00f6r att ta fram EPD:er samt f\u00e5 produkter registrerade i Byggvarubed\u00f6mningen och BASTA.<\/p>\n\n\n\n<blockquote class=\"wp-block-quote is-layout-flow wp-block-quote-is-layout-flow\">\n<p>\u2013 Kunderna blir alltmer intresserade och har detaljfr\u00e5gor om materialinneh\u00e5ll, hur produkter transporteras och s\u00e5 vidare. D\u00e4rf\u00f6r \u00e4r det viktigt f\u00f6r oss att vara transparenta och ha s\u00e5 aktuell och tydlig information som m\u00f6jligt om v\u00e5ra produkter, s\u00e4ger Pethra Nordlund.<\/p>\n<\/blockquote>\n\n\n\n<p>Som ett led i detta arbete unders\u00f6ker IBECO flera tekniska l\u00f6sningar f\u00f6r att effektivisera inmatning och uppdatering av olika data samt g\u00f6ra denna produktinformation l\u00e4ttillg\u00e4nglig f\u00f6r kunder. <\/p>\n\n\n\n<blockquote class=\"wp-block-quote is-layout-flow wp-block-quote-is-layout-flow\">\n<p>\u2013 Allt g\u00e5r snabbare och snabbare. Inom IBECO efterstr\u00e4var vi att ligga i framkant med milj\u00f6bed\u00f6mningar som v\u00e5ra kunder efterfr\u00e5gar.<\/p>\n<\/blockquote>\n\n\n\n<h4 class=\"wp-block-heading\">Allt fler vill hyra utrustning<\/h4>\n\n\n\n<p>IBECO har en uthyrningsverksamhet som v\u00e4xer mycket snabbt. F\u00f6retaget \u00e4r helhetsleverant\u00f6r inom uthyrning av VA-utrustning som spont, containrar, anborrningsverktyg, pumpar \u2013 och mycket mer. En flexibel l\u00f6sning f\u00f6r kunderna som alltid har tillg\u00e5ng till den allra senaste utrustningen och samtidigt bidrar till en h\u00e5llbar resursanv\u00e4ndning.<\/p>\n\n\n\n<p>P\u00e5 f\u00f6retagets anl\u00e4ggningar i Borl\u00e4nge, Stockholm och G\u00f6teborg gjordes i fjol omfattande f\u00f6rberedelser f\u00f6r att skapa st\u00f6rre ytor f\u00f6r att f\u00e5 plats med mer hyrutrustning.<\/p>\n\n\n\n<blockquote class=\"wp-block-quote is-layout-flow wp-block-quote-is-layout-flow\">\n<p>\u2013 Varf\u00f6r k\u00f6pa ny utrustning som sedan kanske blir st\u00e5ende efter att den har anv\u00e4nts en kortare tid? Att fler anv\u00e4nder samma utrustning \u00e4r fantastiskt f\u00f6r b\u00e5de f\u00f6retagen och samh\u00e4llet. Det blir en win-win s\u00e5v\u00e4l ekonomiskt som milj\u00f6m\u00e4ssigt, s\u00e4ger Pethra. <\/p>\n<\/blockquote>\n\n\n\n<h4 class=\"wp-block-heading\">Satsningar p\u00e5 \u00f6kad s\u00e4kerhet<\/h4>\n\n\n\n<p>Likt m\u00e5nga andra f\u00f6retag inom Uniwater s\u00e5 genomf\u00f6rde IBECO ett omfattande systematiskt arbetsmilj\u00f6arbete under 2024. En skyddskommitt\u00e9 inr\u00e4ttades och brandskyddsansvariga utbildades. D\u00e4rtill schemalades skydds- och kemikalieronder med regelbundna intervaller. En n\u00f6dl\u00e4gesberedskapsplan togs fram med tydliga rutiner f\u00f6r hantering av personskador p\u00e5 arbetsplatser, trafikolyckor, milj\u00f6farliga utsl\u00e4pp och andra incidenter.<\/p>\n\n\n\n<blockquote class=\"wp-block-quote is-layout-flow wp-block-quote-is-layout-flow\">\n<p>\u2013 Som en del av v\u00e5rt arbetsmilj\u00f6arbete har vi utbildat v\u00e5ra medarbetare i F\u00f6rsta hj\u00e4lpen inklusive HLR och grundl\u00e4ggande brandutbildning f\u00f6r att s\u00e4kerst\u00e4lla en trygg och s\u00e4ker arbetsmilj\u00f6. Genom att ge v\u00e5ra medarbetare dessa viktiga kunskaper st\u00e4rker v\u00e5r beredskap och f\u00f6rm\u00e5ga att agera vid olyckor, vilket bidrar till en s\u00e4krare arbetsplats f\u00f6r alla, beskriver Pethra.<\/p>\n<\/blockquote>\n\n\n\n<h4 class=\"wp-block-heading\">Olikheter blir till styrkor<\/h4>\n\n\n\n<p>IBECO bedriver \u00e4ven ett aktivt arbete f\u00f6r \u00f6kad j\u00e4mst\u00e4lldhet och j\u00e4mlikhet. F\u00f6retaget fastst\u00e4llde i fjol en policy som tydligg\u00f6r en ambition att ta vara p\u00e5 allas erfarenheter och unika potential. Det \u00e4r v\u00e5ra olikheter som bidrar till att vi verkligen bygger ett f\u00f6retag och g\u00f6r det framtidss\u00e4krat, menar Pethra Nordlund och avslutar: <\/p>\n\n\n\n<ul class=\"wp-block-list\">\n<li>Vi \u00e4r alla olika och det \u00e4r helt okej. Det \u00e4r det som \u00e4r v\u00e5r styrka. Tillsammans \u00e4r vi fantastiska! <\/li>\n<\/ul>\n\n\n\n<blockquote class=\"wp-block-quote is-style-plain is-layout-flow wp-block-quote-is-layout-flow\">\n<blockquote class=\"wp-block-quote is-layout-flow wp-block-quote-is-layout-flow\">\n<p><\/p>\n<\/blockquote>\n<\/blockquote>\n","protected":false},"excerpt":{"rendered":"<p>Pethra Nordlund, som b\u00f6rjade som KMA-ansvarig p\u00e5 IBECO i slutet av 2023, ber\u00e4ttar om det inspirerande och l\u00e4rorika arbetet inom f\u00f6retaget. Med ett helhetst\u00e4nk och ett starkt engagemang fr\u00e5n alla medarbetare, str\u00e4var IBECO efter att ligga i framkant n\u00e4r det g\u00e4ller milj\u00f6bed\u00f6mningar och h\u00e5llbar resursanv\u00e4ndning. <\/p>\n","protected":false},"author":11,"featured_media":5756,"comment_status":"closed","ping_status":"open","sticky":false,"template":"","format":"standard","meta":{"_acf_changed":false,"_et_pb_use_builder":"","_et_pb_old_content":"","_et_gb_content_width":"","footnotes":""},"categories":[46],"tags":[],"sp_smart_badges":[],"class_list":["post-5754","post","type-post","status-publish","format-standard","has-post-thumbnail","hentry","category-hallbarhet"],"acf":[],"yoast_head":"<!-- This site is optimized with the Yoast SEO plugin v27.5 - https:\/\/yoast.com\/product\/yoast-seo-wordpress\/ -->\n<title>IBECO t\u00e4nker helhet: v\u00e4lm\u00e5ende aff\u00e4rer, m\u00e4nniskor och milj\u00f6 - Uniwater<\/title>\n<meta name=\"description\" content=\"Pethra Nordlund, KMA-ansvarig p\u00e5 IBECO, , ber\u00e4ttar om det inspirerande och l\u00e4rorika arbetet inom f\u00f6retaget. Med ett helhetst\u00e4nk och ett starkt engagemang fr\u00e5n alla medarbetare, ska IBECO efter att ligga i framkant n\u00e4r det g\u00e4ller milj\u00f6bed\u00f6mningar och h\u00e5llbar resursanv\u00e4ndning.\" \/>\n<meta name=\"robots\" content=\"index, follow, max-snippet:-1, max-image-preview:large, max-video-preview:-1\" \/>\n<link rel=\"canonical\" href=\"https:\/\/uniwater.com\/sv\/2025\/04\/16\/ibeco-tanker-helhet-valmaende-affarer-manniskor-och-miljo\/\" \/>\n<meta property=\"og:locale\" content=\"sv_SE\" \/>\n<meta property=\"og:type\" content=\"article\" \/>\n<meta property=\"og:title\" content=\"IBECO t\u00e4nker helhet: v\u00e4lm\u00e5ende aff\u00e4rer, m\u00e4nniskor och milj\u00f6 - Uniwater\" \/>\n<meta property=\"og:description\" content=\"Pethra Nordlund, KMA-ansvarig p\u00e5 IBECO, , ber\u00e4ttar om det inspirerande och l\u00e4rorika arbetet inom f\u00f6retaget. Med ett helhetst\u00e4nk och ett starkt engagemang fr\u00e5n alla medarbetare, ska IBECO efter att ligga i framkant n\u00e4r det g\u00e4ller milj\u00f6bed\u00f6mningar och h\u00e5llbar resursanv\u00e4ndning.\" \/>\n<meta property=\"og:url\" content=\"https:\/\/uniwater.com\/sv\/2025\/04\/16\/ibeco-tanker-helhet-valmaende-affarer-manniskor-och-miljo\/\" \/>\n<meta property=\"og:site_name\" content=\"Uniwater\" \/>\n<meta property=\"article:published_time\" content=\"2025-04-16T06:56:48+00:00\" \/>\n<meta property=\"article:modified_time\" content=\"2026-02-02T12:29:15+00:00\" \/>\n<meta property=\"og:image\" content=\"https:\/\/uniwater.com\/wp-content\/uploads\/2025\/04\/Pethra-Nordlund1_2-kvadrat-scaled.jpg\" \/>\n\t<meta property=\"og:image:width\" content=\"2560\" \/>\n\t<meta property=\"og:image:height\" content=\"2560\" \/>\n\t<meta property=\"og:image:type\" content=\"image\/jpeg\" \/>\n<meta name=\"author\" content=\"Carolina Jaworski\" \/>\n<meta name=\"twitter:card\" content=\"summary_large_image\" \/>\n<meta name=\"twitter:label1\" content=\"Skriven av\" \/>\n\t<meta name=\"twitter:data1\" content=\"Carolina Jaworski\" \/>\n\t<meta name=\"twitter:label2\" content=\"Ber\u00e4knad l\u00e4stid\" \/>\n\t<meta name=\"twitter:data2\" content=\"3 minuter\" \/>\n<script type=\"application\/ld+json\" class=\"yoast-schema-graph\">{\"@context\":\"https:\\\/\\\/schema.org\",\"@graph\":[{\"@type\":\"Article\",\"@id\":\"https:\\\/\\\/uniwater.com\\\/sv\\\/2025\\\/04\\\/16\\\/ibeco-tanker-helhet-valmaende-affarer-manniskor-och-miljo\\\/#article\",\"isPartOf\":{\"@id\":\"https:\\\/\\\/uniwater.com\\\/sv\\\/2025\\\/04\\\/16\\\/ibeco-tanker-helhet-valmaende-affarer-manniskor-och-miljo\\\/\"},\"author\":{\"name\":\"Carolina Jaworski\",\"@id\":\"https:\\\/\\\/uniwater.com\\\/sv\\\/#\\\/schema\\\/person\\\/ed41f599cca65e5c7aa700b74777835d\"},\"headline\":\"IBECO t\u00e4nker helhet: v\u00e4lm\u00e5ende aff\u00e4rer, m\u00e4nniskor och milj\u00f6\",\"datePublished\":\"2025-04-16T06:56:48+00:00\",\"dateModified\":\"2026-02-02T12:29:15+00:00\",\"mainEntityOfPage\":{\"@id\":\"https:\\\/\\\/uniwater.com\\\/sv\\\/2025\\\/04\\\/16\\\/ibeco-tanker-helhet-valmaende-affarer-manniskor-och-miljo\\\/\"},\"wordCount\":663,\"publisher\":{\"@id\":\"https:\\\/\\\/uniwater.com\\\/sv\\\/#organization\"},\"image\":{\"@id\":\"https:\\\/\\\/uniwater.com\\\/sv\\\/2025\\\/04\\\/16\\\/ibeco-tanker-helhet-valmaende-affarer-manniskor-och-miljo\\\/#primaryimage\"},\"thumbnailUrl\":\"https:\\\/\\\/uniwater.com\\\/wp-content\\\/uploads\\\/2025\\\/04\\\/Pethra-Nordlund1_2-kvadrat-scaled.jpg\",\"articleSection\":[\"H\u00c5LLBARHET\"],\"inLanguage\":\"sv-SE\"},{\"@type\":\"WebPage\",\"@id\":\"https:\\\/\\\/uniwater.com\\\/sv\\\/2025\\\/04\\\/16\\\/ibeco-tanker-helhet-valmaende-affarer-manniskor-och-miljo\\\/\",\"url\":\"https:\\\/\\\/uniwater.com\\\/sv\\\/2025\\\/04\\\/16\\\/ibeco-tanker-helhet-valmaende-affarer-manniskor-och-miljo\\\/\",\"name\":\"IBECO t\u00e4nker helhet: v\u00e4lm\u00e5ende aff\u00e4rer, m\u00e4nniskor och milj\u00f6 - Uniwater\",\"isPartOf\":{\"@id\":\"https:\\\/\\\/uniwater.com\\\/sv\\\/#website\"},\"primaryImageOfPage\":{\"@id\":\"https:\\\/\\\/uniwater.com\\\/sv\\\/2025\\\/04\\\/16\\\/ibeco-tanker-helhet-valmaende-affarer-manniskor-och-miljo\\\/#primaryimage\"},\"image\":{\"@id\":\"https:\\\/\\\/uniwater.com\\\/sv\\\/2025\\\/04\\\/16\\\/ibeco-tanker-helhet-valmaende-affarer-manniskor-och-miljo\\\/#primaryimage\"},\"thumbnailUrl\":\"https:\\\/\\\/uniwater.com\\\/wp-content\\\/uploads\\\/2025\\\/04\\\/Pethra-Nordlund1_2-kvadrat-scaled.jpg\",\"datePublished\":\"2025-04-16T06:56:48+00:00\",\"dateModified\":\"2026-02-02T12:29:15+00:00\",\"description\":\"Pethra Nordlund, KMA-ansvarig p\u00e5 IBECO, , ber\u00e4ttar om det inspirerande och l\u00e4rorika arbetet inom f\u00f6retaget. Med ett helhetst\u00e4nk och ett starkt engagemang fr\u00e5n alla medarbetare, ska IBECO efter att ligga i framkant n\u00e4r det g\u00e4ller milj\u00f6bed\u00f6mningar och h\u00e5llbar resursanv\u00e4ndning.\",\"breadcrumb\":{\"@id\":\"https:\\\/\\\/uniwater.com\\\/sv\\\/2025\\\/04\\\/16\\\/ibeco-tanker-helhet-valmaende-affarer-manniskor-och-miljo\\\/#breadcrumb\"},\"inLanguage\":\"sv-SE\",\"potentialAction\":[{\"@type\":\"ReadAction\",\"target\":[\"https:\\\/\\\/uniwater.com\\\/sv\\\/2025\\\/04\\\/16\\\/ibeco-tanker-helhet-valmaende-affarer-manniskor-och-miljo\\\/\"]}]},{\"@type\":\"ImageObject\",\"inLanguage\":\"sv-SE\",\"@id\":\"https:\\\/\\\/uniwater.com\\\/sv\\\/2025\\\/04\\\/16\\\/ibeco-tanker-helhet-valmaende-affarer-manniskor-och-miljo\\\/#primaryimage\",\"url\":\"https:\\\/\\\/uniwater.com\\\/wp-content\\\/uploads\\\/2025\\\/04\\\/Pethra-Nordlund1_2-kvadrat-scaled.jpg\",\"contentUrl\":\"https:\\\/\\\/uniwater.com\\\/wp-content\\\/uploads\\\/2025\\\/04\\\/Pethra-Nordlund1_2-kvadrat-scaled.jpg\",\"width\":2560,\"height\":2560},{\"@type\":\"BreadcrumbList\",\"@id\":\"https:\\\/\\\/uniwater.com\\\/sv\\\/2025\\\/04\\\/16\\\/ibeco-tanker-helhet-valmaende-affarer-manniskor-och-miljo\\\/#breadcrumb\",\"itemListElement\":[{\"@type\":\"ListItem\",\"position\":1,\"name\":\"Hem\",\"item\":\"https:\\\/\\\/uniwater.com\\\/sv\\\/\"},{\"@type\":\"ListItem\",\"position\":2,\"name\":\"IBECO t\u00e4nker helhet: v\u00e4lm\u00e5ende aff\u00e4rer, m\u00e4nniskor och milj\u00f6\"}]},{\"@type\":\"WebSite\",\"@id\":\"https:\\\/\\\/uniwater.com\\\/sv\\\/#website\",\"url\":\"https:\\\/\\\/uniwater.com\\\/sv\\\/\",\"name\":\"Uniwater\",\"description\":\"Framtidens VA-l\u00f6sningar\",\"publisher\":{\"@id\":\"https:\\\/\\\/uniwater.com\\\/sv\\\/#organization\"},\"potentialAction\":[{\"@type\":\"SearchAction\",\"target\":{\"@type\":\"EntryPoint\",\"urlTemplate\":\"https:\\\/\\\/uniwater.com\\\/sv\\\/?s={search_term_string}\"},\"query-input\":{\"@type\":\"PropertyValueSpecification\",\"valueRequired\":true,\"valueName\":\"search_term_string\"}}],\"inLanguage\":\"sv-SE\"},{\"@type\":\"Organization\",\"@id\":\"https:\\\/\\\/uniwater.com\\\/sv\\\/#organization\",\"name\":\"Uniwater\",\"alternateName\":\"Uniwater AB\",\"url\":\"https:\\\/\\\/uniwater.com\\\/sv\\\/\",\"logo\":{\"@type\":\"ImageObject\",\"inLanguage\":\"sv-SE\",\"@id\":\"https:\\\/\\\/uniwater.com\\\/sv\\\/#\\\/schema\\\/logo\\\/image\\\/\",\"url\":\"https:\\\/\\\/uniwater.com\\\/wp-content\\\/uploads\\\/2024\\\/08\\\/Uniwater_Logo_RGB.png\",\"contentUrl\":\"https:\\\/\\\/uniwater.com\\\/wp-content\\\/uploads\\\/2024\\\/08\\\/Uniwater_Logo_RGB.png\",\"width\":851,\"height\":851,\"caption\":\"Uniwater\"},\"image\":{\"@id\":\"https:\\\/\\\/uniwater.com\\\/sv\\\/#\\\/schema\\\/logo\\\/image\\\/\"},\"sameAs\":[\"https:\\\/\\\/www.instagram.com\\\/uniwater_group\\\/\",\"https:\\\/\\\/www.linkedin.com\\\/company\\\/uniwaterab\\\/\"]},{\"@type\":\"Person\",\"@id\":\"https:\\\/\\\/uniwater.com\\\/sv\\\/#\\\/schema\\\/person\\\/ed41f599cca65e5c7aa700b74777835d\",\"name\":\"Carolina Jaworski\",\"image\":{\"@type\":\"ImageObject\",\"inLanguage\":\"sv-SE\",\"@id\":\"https:\\\/\\\/secure.gravatar.com\\\/avatar\\\/92d7f30f5c950dfc1e95be5032d9e1eff4844572a2db1300b9b8389b094d021f?s=96&d=mm&r=g\",\"url\":\"https:\\\/\\\/secure.gravatar.com\\\/avatar\\\/92d7f30f5c950dfc1e95be5032d9e1eff4844572a2db1300b9b8389b094d021f?s=96&d=mm&r=g\",\"contentUrl\":\"https:\\\/\\\/secure.gravatar.com\\\/avatar\\\/92d7f30f5c950dfc1e95be5032d9e1eff4844572a2db1300b9b8389b094d021f?s=96&d=mm&r=g\",\"caption\":\"Carolina Jaworski\"},\"url\":\"https:\\\/\\\/uniwater.com\\\/sv\\\/author\\\/carolina-jaworski\\\/\"}]}<\/script>\n<!-- \/ Yoast SEO plugin. -->","yoast_head_json":{"title":"IBECO t\u00e4nker helhet: v\u00e4lm\u00e5ende aff\u00e4rer, m\u00e4nniskor och milj\u00f6 - Uniwater","description":"Pethra Nordlund, KMA-ansvarig p\u00e5 IBECO, , ber\u00e4ttar om det inspirerande och l\u00e4rorika arbetet inom f\u00f6retaget. Med ett helhetst\u00e4nk och ett starkt engagemang fr\u00e5n alla medarbetare, ska IBECO efter att ligga i framkant n\u00e4r det g\u00e4ller milj\u00f6bed\u00f6mningar och h\u00e5llbar resursanv\u00e4ndning.","robots":{"index":"index","follow":"follow","max-snippet":"max-snippet:-1","max-image-preview":"max-image-preview:large","max-video-preview":"max-video-preview:-1"},"canonical":"https:\/\/uniwater.com\/sv\/2025\/04\/16\/ibeco-tanker-helhet-valmaende-affarer-manniskor-och-miljo\/","og_locale":"sv_SE","og_type":"article","og_title":"IBECO t\u00e4nker helhet: v\u00e4lm\u00e5ende aff\u00e4rer, m\u00e4nniskor och milj\u00f6 - Uniwater","og_description":"Pethra Nordlund, KMA-ansvarig p\u00e5 IBECO, , ber\u00e4ttar om det inspirerande och l\u00e4rorika arbetet inom f\u00f6retaget. Med ett helhetst\u00e4nk och ett starkt engagemang fr\u00e5n alla medarbetare, ska IBECO efter att ligga i framkant n\u00e4r det g\u00e4ller milj\u00f6bed\u00f6mningar och h\u00e5llbar resursanv\u00e4ndning.","og_url":"https:\/\/uniwater.com\/sv\/2025\/04\/16\/ibeco-tanker-helhet-valmaende-affarer-manniskor-och-miljo\/","og_site_name":"Uniwater","article_published_time":"2025-04-16T06:56:48+00:00","article_modified_time":"2026-02-02T12:29:15+00:00","og_image":[{"width":2560,"height":2560,"url":"https:\/\/uniwater.com\/wp-content\/uploads\/2025\/04\/Pethra-Nordlund1_2-kvadrat-scaled.jpg","type":"image\/jpeg"}],"author":"Carolina Jaworski","twitter_card":"summary_large_image","twitter_misc":{"Skriven av":"Carolina Jaworski","Ber\u00e4knad l\u00e4stid":"3 minuter"},"schema":{"@context":"https:\/\/schema.org","@graph":[{"@type":"Article","@id":"https:\/\/uniwater.com\/sv\/2025\/04\/16\/ibeco-tanker-helhet-valmaende-affarer-manniskor-och-miljo\/#article","isPartOf":{"@id":"https:\/\/uniwater.com\/sv\/2025\/04\/16\/ibeco-tanker-helhet-valmaende-affarer-manniskor-och-miljo\/"},"author":{"name":"Carolina Jaworski","@id":"https:\/\/uniwater.com\/sv\/#\/schema\/person\/ed41f599cca65e5c7aa700b74777835d"},"headline":"IBECO t\u00e4nker helhet: v\u00e4lm\u00e5ende aff\u00e4rer, m\u00e4nniskor och milj\u00f6","datePublished":"2025-04-16T06:56:48+00:00","dateModified":"2026-02-02T12:29:15+00:00","mainEntityOfPage":{"@id":"https:\/\/uniwater.com\/sv\/2025\/04\/16\/ibeco-tanker-helhet-valmaende-affarer-manniskor-och-miljo\/"},"wordCount":663,"publisher":{"@id":"https:\/\/uniwater.com\/sv\/#organization"},"image":{"@id":"https:\/\/uniwater.com\/sv\/2025\/04\/16\/ibeco-tanker-helhet-valmaende-affarer-manniskor-och-miljo\/#primaryimage"},"thumbnailUrl":"https:\/\/uniwater.com\/wp-content\/uploads\/2025\/04\/Pethra-Nordlund1_2-kvadrat-scaled.jpg","articleSection":["H\u00c5LLBARHET"],"inLanguage":"sv-SE"},{"@type":"WebPage","@id":"https:\/\/uniwater.com\/sv\/2025\/04\/16\/ibeco-tanker-helhet-valmaende-affarer-manniskor-och-miljo\/","url":"https:\/\/uniwater.com\/sv\/2025\/04\/16\/ibeco-tanker-helhet-valmaende-affarer-manniskor-och-miljo\/","name":"IBECO t\u00e4nker helhet: v\u00e4lm\u00e5ende aff\u00e4rer, m\u00e4nniskor och milj\u00f6 - Uniwater","isPartOf":{"@id":"https:\/\/uniwater.com\/sv\/#website"},"primaryImageOfPage":{"@id":"https:\/\/uniwater.com\/sv\/2025\/04\/16\/ibeco-tanker-helhet-valmaende-affarer-manniskor-och-miljo\/#primaryimage"},"image":{"@id":"https:\/\/uniwater.com\/sv\/2025\/04\/16\/ibeco-tanker-helhet-valmaende-affarer-manniskor-och-miljo\/#primaryimage"},"thumbnailUrl":"https:\/\/uniwater.com\/wp-content\/uploads\/2025\/04\/Pethra-Nordlund1_2-kvadrat-scaled.jpg","datePublished":"2025-04-16T06:56:48+00:00","dateModified":"2026-02-02T12:29:15+00:00","description":"Pethra Nordlund, KMA-ansvarig p\u00e5 IBECO, , ber\u00e4ttar om det inspirerande och l\u00e4rorika arbetet inom f\u00f6retaget. Med ett helhetst\u00e4nk och ett starkt engagemang fr\u00e5n alla medarbetare, ska IBECO efter att ligga i framkant n\u00e4r det g\u00e4ller milj\u00f6bed\u00f6mningar och h\u00e5llbar resursanv\u00e4ndning.","breadcrumb":{"@id":"https:\/\/uniwater.com\/sv\/2025\/04\/16\/ibeco-tanker-helhet-valmaende-affarer-manniskor-och-miljo\/#breadcrumb"},"inLanguage":"sv-SE","potentialAction":[{"@type":"ReadAction","target":["https:\/\/uniwater.com\/sv\/2025\/04\/16\/ibeco-tanker-helhet-valmaende-affarer-manniskor-och-miljo\/"]}]},{"@type":"ImageObject","inLanguage":"sv-SE","@id":"https:\/\/uniwater.com\/sv\/2025\/04\/16\/ibeco-tanker-helhet-valmaende-affarer-manniskor-och-miljo\/#primaryimage","url":"https:\/\/uniwater.com\/wp-content\/uploads\/2025\/04\/Pethra-Nordlund1_2-kvadrat-scaled.jpg","contentUrl":"https:\/\/uniwater.com\/wp-content\/uploads\/2025\/04\/Pethra-Nordlund1_2-kvadrat-scaled.jpg","width":2560,"height":2560},{"@type":"BreadcrumbList","@id":"https:\/\/uniwater.com\/sv\/2025\/04\/16\/ibeco-tanker-helhet-valmaende-affarer-manniskor-och-miljo\/#breadcrumb","itemListElement":[{"@type":"ListItem","position":1,"name":"Hem","item":"https:\/\/uniwater.com\/sv\/"},{"@type":"ListItem","position":2,"name":"IBECO t\u00e4nker helhet: v\u00e4lm\u00e5ende aff\u00e4rer, m\u00e4nniskor och milj\u00f6"}]},{"@type":"WebSite","@id":"https:\/\/uniwater.com\/sv\/#website","url":"https:\/\/uniwater.com\/sv\/","name":"Uniwater","description":"Framtidens VA-l\u00f6sningar","publisher":{"@id":"https:\/\/uniwater.com\/sv\/#organization"},"potentialAction":[{"@type":"SearchAction","target":{"@type":"EntryPoint","urlTemplate":"https:\/\/uniwater.com\/sv\/?s={search_term_string}"},"query-input":{"@type":"PropertyValueSpecification","valueRequired":true,"valueName":"search_term_string"}}],"inLanguage":"sv-SE"},{"@type":"Organization","@id":"https:\/\/uniwater.com\/sv\/#organization","name":"Uniwater","alternateName":"Uniwater AB","url":"https:\/\/uniwater.com\/sv\/","logo":{"@type":"ImageObject","inLanguage":"sv-SE","@id":"https:\/\/uniwater.com\/sv\/#\/schema\/logo\/image\/","url":"https:\/\/uniwater.com\/wp-content\/uploads\/2024\/08\/Uniwater_Logo_RGB.png","contentUrl":"https:\/\/uniwater.com\/wp-content\/uploads\/2024\/08\/Uniwater_Logo_RGB.png","width":851,"height":851,"caption":"Uniwater"},"image":{"@id":"https:\/\/uniwater.com\/sv\/#\/schema\/logo\/image\/"},"sameAs":["https:\/\/www.instagram.com\/uniwater_group\/","https:\/\/www.linkedin.com\/company\/uniwaterab\/"]},{"@type":"Person","@id":"https:\/\/uniwater.com\/sv\/#\/schema\/person\/ed41f599cca65e5c7aa700b74777835d","name":"Carolina Jaworski","image":{"@type":"ImageObject","inLanguage":"sv-SE","@id":"https:\/\/secure.gravatar.com\/avatar\/92d7f30f5c950dfc1e95be5032d9e1eff4844572a2db1300b9b8389b094d021f?s=96&d=mm&r=g","url":"https:\/\/secure.gravatar.com\/avatar\/92d7f30f5c950dfc1e95be5032d9e1eff4844572a2db1300b9b8389b094d021f?s=96&d=mm&r=g","contentUrl":"https:\/\/secure.gravatar.com\/avatar\/92d7f30f5c950dfc1e95be5032d9e1eff4844572a2db1300b9b8389b094d021f?s=96&d=mm&r=g","caption":"Carolina Jaworski"},"url":"https:\/\/uniwater.com\/sv\/author\/carolina-jaworski\/"}]}},"_links":{"self":[{"href":"https:\/\/uniwater.com\/sv\/wp-json\/wp\/v2\/posts\/5754","targetHints":{"allow":["GET"]}}],"collection":[{"href":"https:\/\/uniwater.com\/sv\/wp-json\/wp\/v2\/posts"}],"about":[{"href":"https:\/\/uniwater.com\/sv\/wp-json\/wp\/v2\/types\/post"}],"author":[{"embeddable":true,"href":"https:\/\/uniwater.com\/sv\/wp-json\/wp\/v2\/users\/11"}],"replies":[{"embeddable":true,"href":"https:\/\/uniwater.com\/sv\/wp-json\/wp\/v2\/comments?post=5754"}],"version-history":[{"count":10,"href":"https:\/\/uniwater.com\/sv\/wp-json\/wp\/v2\/posts\/5754\/revisions"}],"predecessor-version":[{"id":5771,"href":"https:\/\/uniwater.com\/sv\/wp-json\/wp\/v2\/posts\/5754\/revisions\/5771"}],"wp:featuredmedia":[{"embeddable":true,"href":"https:\/\/uniwater.com\/sv\/wp-json\/wp\/v2\/media\/5756"}],"wp:attachment":[{"href":"https:\/\/uniwater.com\/sv\/wp-json\/wp\/v2\/media?parent=5754"}],"wp:term":[{"taxonomy":"category","embeddable":true,"href":"https:\/\/uniwater.com\/sv\/wp-json\/wp\/v2\/categories?post=5754"},{"taxonomy":"post_tag","embeddable":true,"href":"https:\/\/uniwater.com\/sv\/wp-json\/wp\/v2\/tags?post=5754"},{"taxonomy":"sp_smart_badges","embeddable":true,"href":"https:\/\/uniwater.com\/sv\/wp-json\/wp\/v2\/sp_smart_badges?post=5754"}],"curies":[{"name":"wp","href":"https:\/\/api.w.org\/{rel}","templated":true}]}}